{"id":182,"date":"2019-01-16T17:42:56","date_gmt":"2019-01-16T17:42:56","guid":{"rendered":"http:\/\/theatreneuf.ch\/?p=182"},"modified":"2020-08-04T23:38:14","modified_gmt":"2020-08-04T23:38:14","slug":"prochains-spectacles","status":"publish","type":"post","link":"https:\/\/theatreneuf.ch\/?p=182","title":{"rendered":"Prochains spectacles"},"content":{"rendered":"<h3><span style=\"color: #993300;\">Le Th\u00e9\u00e2tre Neuf s&#8217;\u00e9clate pour vous pr\u00e9senter sa nouvelle pi\u00e8ce \u00c7a sent le sapin!<\/span><\/h3>\n<p><span style=\"color: #993300;\">Mais il organise aussi un mini festival de th\u00e9\u00e2tre \u00e0 Monthey avec 3 pi\u00e8ces jou\u00e9es deux fois sur deux jours \u00e0 des heures diff\u00e9rentes !<\/span><\/p>\n<div class=\"su-table su-table-alternate\">\n<table>\n<tbody>\n<tr>\n<td><a href=\"http:\/\/theatreneuf.ch\/?page_id=132\"><img loading=\"lazy\" decoding=\"async\" class=\"alignnone size-full wp-image-130 aligncenter\" src=\"http:\/\/theatreneuf.ch\/wp-content\/uploads\/2018\/12\/Ca-sent-le-sapin-flyer-A5.jpg\" alt=\"\" width=\"559\" height=\"794\" srcset=\"https:\/\/theatreneuf.ch\/wp-content\/uploads\/2018\/12\/Ca-sent-le-sapin-flyer-A5.jpg 559w, https:\/\/theatreneuf.ch\/wp-content\/uploads\/2018\/12\/Ca-sent-le-sapin-flyer-A5-211x300.jpg 211w\" sizes=\"auto, (max-width: 559px) 100vw, 559px\" \/><\/a><\/td>\n<td><a href=\"http:\/\/theatreneuf.ch\/?page_id=186\"><img loading=\"lazy\" decoding=\"async\" class=\"alignnone size-full wp-image-184 aligncenter\" src=\"http:\/\/theatreneuf.ch\/wp-content\/uploads\/2019\/01\/Affiche-2-e1547656855792.jpg\" alt=\"\" width=\"562\" height=\"792\" \/><\/a><\/td>\n<\/tr>\n<tr>\n<td><a href=\"http:\/\/theatreneuf.ch\/?page_id=132\">Renseignements et r\u00e9servations<\/a><\/p>\n<p><a href=\"http:\/\/theatreneuf.ch\/?page_id=158\">Photos de famille<\/a><\/td>\n<td><a href=\"http:\/\/theatreneuf.ch\/?page_id=186\">Renseignements et r\u00e9servations<\/a><\/p>\n<p>&nbsp;<\/td>\n<\/tr>\n<\/tbody>\n<\/table>\n<\/div>\n","protected":false},"excerpt":{"rendered":"<p>Le Th\u00e9\u00e2tre Neuf s&#8217;\u00e9clate pour vous pr\u00e9senter sa nouvelle pi\u00e8ce \u00c7a sent le sapin! Mais il organise aussi un mini festival de th\u00e9\u00e2tre \u00e0 Monthey avec 3 pi\u00e8ces jou\u00e9es deux fois sur deux jours \u00e0 des heures diff\u00e9rentes !<\/p>\n","protected":false},"author":1,"featured_media":0,"comment_status":"closed","ping_status":"closed","sticky":false,"template":"","format":"standard","meta":{"footnotes":""},"categories":[3],"tags":[],"class_list":["post-182","post","type-post","status-publish","format-standard","hentry","category-spectacle"],"_links":{"self":[{"href":"https:\/\/theatreneuf.ch\/index.php?rest_route=\/wp\/v2\/posts\/182","targetHints":{"allow":["GET"]}}],"collection":[{"href":"https:\/\/theatreneuf.ch\/index.php?rest_route=\/wp\/v2\/posts"}],"about":[{"href":"https:\/\/theatreneuf.ch\/index.php?rest_route=\/wp\/v2\/types\/post"}],"author":[{"embeddable":true,"href":"https:\/\/theatreneuf.ch\/index.php?rest_route=\/wp\/v2\/users\/1"}],"replies":[{"embeddable":true,"href":"https:\/\/theatreneuf.ch\/index.php?rest_route=%2Fwp%2Fv2%2Fcomments&post=182"}],"version-history":[{"count":5,"href":"https:\/\/theatreneuf.ch\/index.php?rest_route=\/wp\/v2\/posts\/182\/revisions"}],"predecessor-version":[{"id":201,"href":"https:\/\/theatreneuf.ch\/index.php?rest_route=\/wp\/v2\/posts\/182\/revisions\/201"}],"wp:attachment":[{"href":"https:\/\/theatreneuf.ch\/index.php?rest_route=%2Fwp%2Fv2%2Fmedia&parent=182"}],"wp:term":[{"taxonomy":"category","embeddable":true,"href":"https:\/\/theatreneuf.ch\/index.php?rest_route=%2Fwp%2Fv2%2Fcategories&post=182"},{"taxonomy":"post_tag","embeddable":true,"href":"https:\/\/theatreneuf.ch\/index.php?rest_route=%2Fwp%2Fv2%2Ftags&post=182"}],"curies":[{"name":"wp","href":"https:\/\/api.w.org\/{rel}","templated":true}]}}