{"id":2192,"date":"2021-12-11T16:59:14","date_gmt":"2021-12-11T16:59:14","guid":{"rendered":"https:\/\/theatreneuf.ch\/?p=2192"},"modified":"2021-12-11T17:00:30","modified_gmt":"2021-12-11T17:00:30","slug":"3-veuves-a-la-mer-bientot","status":"publish","type":"post","link":"https:\/\/theatreneuf.ch\/?p=2192","title":{"rendered":"3 veuves \u00e0 la mer. Bient\u00f4t"},"content":{"rendered":"\n<p>Diane, V\u00e9ronique et Sylvie sont dans la derni\u00e8re ligne droite pour vous pr\u00e9senter la derni\u00e8re pi\u00e8ce du Th\u00e9\u00e2tre Neuf.<\/p>\n\n\n\n<p>Rendez-vous \u00e0 St-Maurice d\u00e8s le 29 janvier<\/p>\n\n\n\n<figure class=\"wp-block-image size-large\"><img loading=\"lazy\" decoding=\"async\" width=\"1024\" height=\"675\" src=\"https:\/\/theatreneuf.ch\/wp-content\/uploads\/2021\/12\/Carte-recto-definitif-1024x675.jpg\" alt=\"\" class=\"wp-image-2193\" srcset=\"https:\/\/theatreneuf.ch\/wp-content\/uploads\/2021\/12\/Carte-recto-definitif-1024x675.jpg 1024w, https:\/\/theatreneuf.ch\/wp-content\/uploads\/2021\/12\/Carte-recto-definitif-300x198.jpg 300w, https:\/\/theatreneuf.ch\/wp-content\/uploads\/2021\/12\/Carte-recto-definitif-768x506.jpg 768w, https:\/\/theatreneuf.ch\/wp-content\/uploads\/2021\/12\/Carte-recto-definitif.jpg 1050w\" sizes=\"auto, (max-width: 1024px) 100vw, 1024px\" \/><\/figure>\n","protected":false},"excerpt":{"rendered":"<p>Diane, V\u00e9ronique et Sylvie sont dans la derni\u00e8re ligne droite pour vous pr\u00e9senter la derni\u00e8re pi\u00e8ce du Th\u00e9\u00e2tre Neuf. Rendez-vous \u00e0 St-Maurice d\u00e8s le 29 janvier<\/p>\n","protected":false},"author":1,"featured_media":0,"comment_status":"closed","ping_status":"closed","sticky":false,"template":"","format":"standard","meta":{"footnotes":""},"categories":[3],"tags":[],"class_list":["post-2192","post","type-post","status-publish","format-standard","hentry","category-spectacle"],"_links":{"self":[{"href":"https:\/\/theatreneuf.ch\/index.php?rest_route=\/wp\/v2\/posts\/2192","targetHints":{"allow":["GET"]}}],"collection":[{"href":"https:\/\/theatreneuf.ch\/index.php?rest_route=\/wp\/v2\/posts"}],"about":[{"href":"https:\/\/theatreneuf.ch\/index.php?rest_route=\/wp\/v2\/types\/post"}],"author":[{"embeddable":true,"href":"https:\/\/theatreneuf.ch\/index.php?rest_route=\/wp\/v2\/users\/1"}],"replies":[{"embeddable":true,"href":"https:\/\/theatreneuf.ch\/index.php?rest_route=%2Fwp%2Fv2%2Fcomments&post=2192"}],"version-history":[{"count":1,"href":"https:\/\/theatreneuf.ch\/index.php?rest_route=\/wp\/v2\/posts\/2192\/revisions"}],"predecessor-version":[{"id":2194,"href":"https:\/\/theatreneuf.ch\/index.php?rest_route=\/wp\/v2\/posts\/2192\/revisions\/2194"}],"wp:attachment":[{"href":"https:\/\/theatreneuf.ch\/index.php?rest_route=%2Fwp%2Fv2%2Fmedia&parent=2192"}],"wp:term":[{"taxonomy":"category","embeddable":true,"href":"https:\/\/theatreneuf.ch\/index.php?rest_route=%2Fwp%2Fv2%2Fcategories&post=2192"},{"taxonomy":"post_tag","embeddable":true,"href":"https:\/\/theatreneuf.ch\/index.php?rest_route=%2Fwp%2Fv2%2Ftags&post=2192"}],"curies":[{"name":"wp","href":"https:\/\/api.w.org\/{rel}","templated":true}]}}